{"id":10862,"date":"2022-06-13T05:24:00","date_gmt":"2022-06-13T05:24:00","guid":{"rendered":"https:\/\/erb.ambition4clients.nl\/sin-categorizar\/who-will-speak-european-a-puzzle\/"},"modified":"2024-08-20T10:48:10","modified_gmt":"2024-08-20T10:48:10","slug":"who-will-speak-european-a-puzzle","status":"publish","type":"post","link":"https:\/\/europeanreviewofbooks.com\/es\/who-will-speak-european-a-puzzle\/","title":{"rendered":"\u00bfQui\u00e9n hablar\u00e1 Europ\u00e9en? Un puzle"},"content":{"rendered":"\n<div class=\"wp-block-group is-layout-flow wp-block-group-is-layout-flow\">\n<p>La capital de Europa es, en ese sentido, un espejo c\u00f3ncavo que devuelve un reflejo concentrado (y algo deforme) de la imagen que proyecta el continente.<\/p>\n\n\n\n<div class=\"wp-block-group is-content-justification-center is-nowrap is-layout-flex wp-container-core-group-is-layout-23441af8 wp-block-group-is-layout-flex\">\n<div class=\"wp-block-group alignfull subscribe_gradient has-text-color has-background has-medium-font-size wp-container-content-7efe0f6a has-global-padding is-layout-constrained wp-container-core-group-is-layout-af58883b wp-block-group-is-layout-constrained\" style=\"border-radius:0px;color:#000000;background-color:#c4cfc4;margin-top:var(--wp--preset--spacing--30);margin-bottom:var(--wp--preset--spacing--30);padding-right:2rem;padding-left:2rem\">\n<div style=\"height:64px;width:0px\" aria-hidden=\"true\" class=\"wp-block-spacer\"><\/div>\n\n\n\n<p class=\"has-text-align-center has-bradford-ll-font-family\" style=\"padding-top:var(--wp--preset--spacing--20);padding-right:var(--wp--preset--spacing--30);padding-bottom:var(--wp--preset--spacing--20);padding-left:var(--wp--preset--spacing--30);font-size:clamp(0.896rem, 0.896rem + ((1vw - 0.2rem) * 0.74), 1.34rem);font-style:italic;font-weight:400\"><em><strong>This article is behind the paywall. Want to keep reading this article?<\/strong><\/em><\/p>\n\n\n\n<p class=\"has-text-align-center has-lektorat-text-font-family\">Subscribe to the European Review of Books, from as low as \u20ac4,50 per month.<\/p>\n\n\n\n<div class=\"wp-block-buttons is-horizontal is-content-justification-center is-layout-flex wp-container-core-buttons-is-layout-0bdcf69f wp-block-buttons-is-layout-flex\" style=\"margin-top:var(--wp--preset--spacing--20);margin-bottom:var(--wp--preset--spacing--20)\">\n<div class=\"wp-block-button has-custom-width wp-block-button__width-50 is-style-outline filltoblack is-style-outline--1\"><a class=\"wp-block-button__link has-contrast-color has-base-2-background-color has-text-color has-background has-lektorat-font-family wp-element-button\" href=\"https:\/\/europeanreviewofbooks.com\/subscribe\/\" style=\"border-radius:0px\">See our subscription offers<\/a><\/div>\n<\/div>\n\n\n\n<p class=\"has-text-align-center has-lektorat-text-font-family has-small-font-size\">Already a subscriber?&nbsp;<a href=\"https:\/\/europeanreviewofbooks.com\/mijn-account\/\" data-type=\"page\" data-id=\"124\">Sign in<\/a><\/p>\n\n\n\n<div style=\"height:63px;width:0px\" aria-hidden=\"true\" class=\"wp-block-spacer\"><\/div>\n<\/div>\n<\/div>\n<\/div>\n\n\n","protected":false},"excerpt":{"rendered":"<p>La capital de Europa es, en ese sentido, un espejo c\u00f3ncavo que devuelve un reflejo concentrado (y algo deforme) de la imagen que proyecta el continente.<\/p>\n","protected":false},"author":41,"featured_media":11955,"comment_status":"closed","ping_status":"open","sticky":false,"template":"","format":"standard","meta":{"_acf_changed":false,"_ccgs_hide_in_listing":false,"_ccgs_reviewed_by":"","_ccgs_translated_by":"","inline_featured_image":false,"jetpack_post_was_ever_published":false,"_jetpack_newsletter_access":"","_jetpack_dont_email_post_to_subs":false,"_jetpack_newsletter_tier_id":0,"_jetpack_memberships_contains_paywalled_content":false,"_jetpack_memberships_contains_paid_content":false,"footnotes":""},"categories":[232,58],"tags":[97,112,151,180,193,211],"topics":[66],"library":[62],"displayposition":[],"class_list":["post-10862","post","type-post","status-publish","format-standard","has-post-thumbnail","hentry","category-europe-special-2024","category-issue-one","tag-brussels","tag-eu","tag-language","tag-prison","tag-sports","tag-war","topics-europe","library-pearls","erb-paywalled"],"acf":{"subtitle":{"simple_value_formatted":"","value_formatted":"","value":"","field":{"ID":39871,"key":"field_69c575e0ad4ee","label":"Subtitle","name":"subtitle","aria-label":"","prefix":"acf","type":"text","value":null,"menu_order":0,"instructions":"","required":0,"id":"","class":"","conditional_logic":0,"parent":39870,"wrapper":{"width":"","class":"","id":""},"relevanssi_exclude":0,"default_value":"","maxlength":"","allow_in_bindings":1,"placeholder":"","prepend":"","append":"","_name":"subtitle","_valid":1}},"waterhead_image":{"simple_value_formatted":null,"value_formatted":null,"value":null,"field":{"ID":39886,"key":"field_69c660b90cc69","label":"Waterhead image","name":"waterhead_image","aria-label":"","prefix":"acf","type":"image","value":null,"menu_order":1,"instructions":"","required":0,"id":"","class":"","conditional_logic":0,"parent":39870,"wrapper":{"width":"","class":"","id":""},"relevanssi_exclude":0,"return_format":"url","library":"all","min_width":"","min_height":"","min_size":"","max_width":"","max_height":"","max_size":"","mime_types":"","allow_in_bindings":1,"preview_size":"medium","_name":"waterhead_image","_valid":1}}},"mb":[],"yoast_head":"<!-- This site is optimized with the Yoast SEO plugin v27.5 - https:\/\/yoast.com\/product\/yoast-seo-wordpress\/ -->\n<title>\u00bfQui\u00e9n hablar\u00e1 Europ\u00e9en? Un puzle - The European Review of Books<\/title>\n<meta name=\"robots\" content=\"index, follow, max-snippet:-1, max-image-preview:large, max-video-preview:-1\" \/>\n<link rel=\"canonical\" href=\"https:\/\/europeanreviewofbooks.com\/es\/who-will-speak-european-a-puzzle\/\" \/>\n<meta property=\"og:locale\" content=\"es_ES\" \/>\n<meta property=\"og:type\" content=\"article\" \/>\n<meta property=\"og:title\" content=\"\u00bfQui\u00e9n hablar\u00e1 Europ\u00e9en? Un puzle - The European Review of Books\" \/>\n<meta property=\"og:description\" content=\"La capital de Europa es, en ese sentido, un espejo c\u00f3ncavo que devuelve un reflejo concentrado (y algo deforme) de la imagen que proyecta el continente.\" \/>\n<meta property=\"og:url\" content=\"https:\/\/europeanreviewofbooks.com\/es\/who-will-speak-european-a-puzzle\/\" \/>\n<meta property=\"og:site_name\" content=\"The European Review of Books\" \/>\n<meta property=\"article:publisher\" content=\"https:\/\/www.facebook.com\/europeanreview\/\" \/>\n<meta property=\"article:published_time\" content=\"2022-06-13T05:24:00+00:00\" \/>\n<meta property=\"article:modified_time\" content=\"2024-08-20T10:48:10+00:00\" \/>\n<meta property=\"og:image\" content=\"https:\/\/europeanreviewofbooks.com\/wp-content\/uploads\/2022\/06\/don-quixote-esperanto.jpg\" \/>\n\t<meta property=\"og:image:width\" content=\"1500\" \/>\n\t<meta property=\"og:image:height\" content=\"1125\" \/>\n\t<meta property=\"og:image:type\" content=\"image\/jpeg\" \/>\n<meta name=\"author\" content=\"Arman Basurto\" \/>\n<meta name=\"twitter:card\" content=\"summary_large_image\" \/>\n<meta name=\"twitter:label1\" content=\"Escrito por\" \/>\n\t<meta name=\"twitter:data1\" content=\"Arman Basurto\" \/>\n\t<meta name=\"twitter:label2\" content=\"Tiempo de lectura\" \/>\n\t<meta name=\"twitter:data2\" content=\"8 minutos\" \/>\n<script type=\"application\/ld+json\" class=\"yoast-schema-graph\">{\"@context\":\"https:\\\/\\\/schema.org\",\"@graph\":[{\"@type\":\"Article\",\"@id\":\"https:\\\/\\\/europeanreviewofbooks.com\\\/es\\\/who-will-speak-european-a-puzzle\\\/#article\",\"isPartOf\":{\"@id\":\"https:\\\/\\\/europeanreviewofbooks.com\\\/es\\\/who-will-speak-european-a-puzzle\\\/\"},\"author\":{\"name\":\"Arman Basurto\",\"@id\":\"https:\\\/\\\/europeanreviewofbooks.com\\\/#\\\/schema\\\/person\\\/76592427aeb990fcc9f12cd18a1c64b7\"},\"headline\":\"\u00bfQui\u00e9n hablar\u00e1 Europ\u00e9en? Un puzle\",\"datePublished\":\"2022-06-13T05:24:00+00:00\",\"dateModified\":\"2024-08-20T10:48:10+00:00\",\"mainEntityOfPage\":{\"@id\":\"https:\\\/\\\/europeanreviewofbooks.com\\\/es\\\/who-will-speak-european-a-puzzle\\\/\"},\"wordCount\":1575,\"publisher\":{\"@id\":\"https:\\\/\\\/europeanreviewofbooks.com\\\/#organization\"},\"image\":{\"@id\":\"https:\\\/\\\/europeanreviewofbooks.com\\\/es\\\/who-will-speak-european-a-puzzle\\\/#primaryimage\"},\"thumbnailUrl\":\"https:\\\/\\\/europeanreviewofbooks.com\\\/wp-content\\\/uploads\\\/2022\\\/06\\\/don-quixote-esperanto.jpg\",\"keywords\":[\"Brussels\",\"EU\",\"Language\",\"Prison\",\"Sports\",\"War\"],\"articleSection\":[\"Europe Special 2024\",\"Issue One\"],\"inLanguage\":\"es\"},{\"@type\":\"WebPage\",\"@id\":\"https:\\\/\\\/europeanreviewofbooks.com\\\/es\\\/who-will-speak-european-a-puzzle\\\/\",\"url\":\"https:\\\/\\\/europeanreviewofbooks.com\\\/es\\\/who-will-speak-european-a-puzzle\\\/\",\"name\":\"\u00bfQui\u00e9n hablar\u00e1 Europ\u00e9en? Un puzle - The European Review of Books\",\"isPartOf\":{\"@id\":\"https:\\\/\\\/europeanreviewofbooks.com\\\/#website\"},\"primaryImageOfPage\":{\"@id\":\"https:\\\/\\\/europeanreviewofbooks.com\\\/es\\\/who-will-speak-european-a-puzzle\\\/#primaryimage\"},\"image\":{\"@id\":\"https:\\\/\\\/europeanreviewofbooks.com\\\/es\\\/who-will-speak-european-a-puzzle\\\/#primaryimage\"},\"thumbnailUrl\":\"https:\\\/\\\/europeanreviewofbooks.com\\\/wp-content\\\/uploads\\\/2022\\\/06\\\/don-quixote-esperanto.jpg\",\"datePublished\":\"2022-06-13T05:24:00+00:00\",\"dateModified\":\"2024-08-20T10:48:10+00:00\",\"breadcrumb\":{\"@id\":\"https:\\\/\\\/europeanreviewofbooks.com\\\/es\\\/who-will-speak-european-a-puzzle\\\/#breadcrumb\"},\"inLanguage\":\"es\",\"potentialAction\":[{\"@type\":\"ReadAction\",\"target\":[\"https:\\\/\\\/europeanreviewofbooks.com\\\/es\\\/who-will-speak-european-a-puzzle\\\/\"]}]},{\"@type\":\"ImageObject\",\"inLanguage\":\"es\",\"@id\":\"https:\\\/\\\/europeanreviewofbooks.com\\\/es\\\/who-will-speak-european-a-puzzle\\\/#primaryimage\",\"url\":\"https:\\\/\\\/europeanreviewofbooks.com\\\/wp-content\\\/uploads\\\/2022\\\/06\\\/don-quixote-esperanto.jpg\",\"contentUrl\":\"https:\\\/\\\/europeanreviewofbooks.com\\\/wp-content\\\/uploads\\\/2022\\\/06\\\/don-quixote-esperanto.jpg\",\"width\":1500,\"height\":1125},{\"@type\":\"BreadcrumbList\",\"@id\":\"https:\\\/\\\/europeanreviewofbooks.com\\\/es\\\/who-will-speak-european-a-puzzle\\\/#breadcrumb\",\"itemListElement\":[{\"@type\":\"ListItem\",\"position\":1,\"name\":\"Home\",\"item\":\"https:\\\/\\\/europeanreviewofbooks.com\\\/\"},{\"@type\":\"ListItem\",\"position\":2,\"name\":\"\u00bfQui\u00e9n hablar\u00e1 Europ\u00e9en? Un puzle\"}]},{\"@type\":\"WebSite\",\"@id\":\"https:\\\/\\\/europeanreviewofbooks.com\\\/#website\",\"url\":\"https:\\\/\\\/europeanreviewofbooks.com\\\/\",\"name\":\"The European Review of Books\",\"description\":\"\",\"publisher\":{\"@id\":\"https:\\\/\\\/europeanreviewofbooks.com\\\/#organization\"},\"potentialAction\":[{\"@type\":\"SearchAction\",\"target\":{\"@type\":\"EntryPoint\",\"urlTemplate\":\"https:\\\/\\\/europeanreviewofbooks.com\\\/?s={search_term_string}\"},\"query-input\":{\"@type\":\"PropertyValueSpecification\",\"valueRequired\":true,\"valueName\":\"search_term_string\"}}],\"inLanguage\":\"es\"},{\"@type\":\"Organization\",\"@id\":\"https:\\\/\\\/europeanreviewofbooks.com\\\/#organization\",\"name\":\"The European Review of Books\",\"url\":\"https:\\\/\\\/europeanreviewofbooks.com\\\/\",\"logo\":{\"@type\":\"ImageObject\",\"inLanguage\":\"es\",\"@id\":\"https:\\\/\\\/europeanreviewofbooks.com\\\/#\\\/schema\\\/logo\\\/image\\\/\",\"url\":\"https:\\\/\\\/europeanreviewofbooks.com\\\/wp-content\\\/uploads\\\/2024\\\/04\\\/logo-animated-once1.gif\",\"contentUrl\":\"https:\\\/\\\/europeanreviewofbooks.com\\\/wp-content\\\/uploads\\\/2024\\\/04\\\/logo-animated-once1.gif\",\"width\":640,\"height\":446,\"caption\":\"The European Review of Books\"},\"image\":{\"@id\":\"https:\\\/\\\/europeanreviewofbooks.com\\\/#\\\/schema\\\/logo\\\/image\\\/\"},\"sameAs\":[\"https:\\\/\\\/www.facebook.com\\\/europeanreview\\\/\",\"https:\\\/\\\/www.linkedin.com\\\/company\\\/the-european-review-of-books\\\/\",\"https:\\\/\\\/bsky.app\\\/profile\\\/europeanreview.bsky.social\"]},{\"@type\":\"Person\",\"@id\":\"https:\\\/\\\/europeanreviewofbooks.com\\\/#\\\/schema\\\/person\\\/76592427aeb990fcc9f12cd18a1c64b7\",\"name\":\"Arman Basurto\",\"image\":{\"@type\":\"ImageObject\",\"inLanguage\":\"es\",\"@id\":\"https:\\\/\\\/secure.gravatar.com\\\/avatar\\\/f76492a855c2a2acc774a35e4dc1f00cb080cc311f960d065fb02d424133eb28?s=96&d=mm&r=g\",\"url\":\"https:\\\/\\\/secure.gravatar.com\\\/avatar\\\/f76492a855c2a2acc774a35e4dc1f00cb080cc311f960d065fb02d424133eb28?s=96&d=mm&r=g\",\"contentUrl\":\"https:\\\/\\\/secure.gravatar.com\\\/avatar\\\/f76492a855c2a2acc774a35e4dc1f00cb080cc311f960d065fb02d424133eb28?s=96&d=mm&r=g\",\"caption\":\"Arman Basurto\"},\"url\":\"https:\\\/\\\/europeanreviewofbooks.com\\\/es\\\/author\\\/arman-basurto\\\/\"}]}<\/script>\n<!-- \/ Yoast SEO plugin. -->","yoast_head_json":{"title":"\u00bfQui\u00e9n hablar\u00e1 Europ\u00e9en? Un puzle - The European Review of Books","robots":{"index":"index","follow":"follow","max-snippet":"max-snippet:-1","max-image-preview":"max-image-preview:large","max-video-preview":"max-video-preview:-1"},"canonical":"https:\/\/europeanreviewofbooks.com\/es\/who-will-speak-european-a-puzzle\/","og_locale":"es_ES","og_type":"article","og_title":"\u00bfQui\u00e9n hablar\u00e1 Europ\u00e9en? Un puzle - The European Review of Books","og_description":"La capital de Europa es, en ese sentido, un espejo c\u00f3ncavo que devuelve un reflejo concentrado (y algo deforme) de la imagen que proyecta el continente.","og_url":"https:\/\/europeanreviewofbooks.com\/es\/who-will-speak-european-a-puzzle\/","og_site_name":"The European Review of Books","article_publisher":"https:\/\/www.facebook.com\/europeanreview\/","article_published_time":"2022-06-13T05:24:00+00:00","article_modified_time":"2024-08-20T10:48:10+00:00","og_image":[{"width":1500,"height":1125,"url":"https:\/\/europeanreviewofbooks.com\/wp-content\/uploads\/2022\/06\/don-quixote-esperanto.jpg","type":"image\/jpeg"}],"author":"Arman Basurto","twitter_card":"summary_large_image","twitter_misc":{"Escrito por":"Arman Basurto","Tiempo de lectura":"8 minutos"},"schema":{"@context":"https:\/\/schema.org","@graph":[{"@type":"Article","@id":"https:\/\/europeanreviewofbooks.com\/es\/who-will-speak-european-a-puzzle\/#article","isPartOf":{"@id":"https:\/\/europeanreviewofbooks.com\/es\/who-will-speak-european-a-puzzle\/"},"author":{"name":"Arman Basurto","@id":"https:\/\/europeanreviewofbooks.com\/#\/schema\/person\/76592427aeb990fcc9f12cd18a1c64b7"},"headline":"\u00bfQui\u00e9n hablar\u00e1 Europ\u00e9en? Un puzle","datePublished":"2022-06-13T05:24:00+00:00","dateModified":"2024-08-20T10:48:10+00:00","mainEntityOfPage":{"@id":"https:\/\/europeanreviewofbooks.com\/es\/who-will-speak-european-a-puzzle\/"},"wordCount":1575,"publisher":{"@id":"https:\/\/europeanreviewofbooks.com\/#organization"},"image":{"@id":"https:\/\/europeanreviewofbooks.com\/es\/who-will-speak-european-a-puzzle\/#primaryimage"},"thumbnailUrl":"https:\/\/europeanreviewofbooks.com\/wp-content\/uploads\/2022\/06\/don-quixote-esperanto.jpg","keywords":["Brussels","EU","Language","Prison","Sports","War"],"articleSection":["Europe Special 2024","Issue One"],"inLanguage":"es"},{"@type":"WebPage","@id":"https:\/\/europeanreviewofbooks.com\/es\/who-will-speak-european-a-puzzle\/","url":"https:\/\/europeanreviewofbooks.com\/es\/who-will-speak-european-a-puzzle\/","name":"\u00bfQui\u00e9n hablar\u00e1 Europ\u00e9en? Un puzle - The European Review of Books","isPartOf":{"@id":"https:\/\/europeanreviewofbooks.com\/#website"},"primaryImageOfPage":{"@id":"https:\/\/europeanreviewofbooks.com\/es\/who-will-speak-european-a-puzzle\/#primaryimage"},"image":{"@id":"https:\/\/europeanreviewofbooks.com\/es\/who-will-speak-european-a-puzzle\/#primaryimage"},"thumbnailUrl":"https:\/\/europeanreviewofbooks.com\/wp-content\/uploads\/2022\/06\/don-quixote-esperanto.jpg","datePublished":"2022-06-13T05:24:00+00:00","dateModified":"2024-08-20T10:48:10+00:00","breadcrumb":{"@id":"https:\/\/europeanreviewofbooks.com\/es\/who-will-speak-european-a-puzzle\/#breadcrumb"},"inLanguage":"es","potentialAction":[{"@type":"ReadAction","target":["https:\/\/europeanreviewofbooks.com\/es\/who-will-speak-european-a-puzzle\/"]}]},{"@type":"ImageObject","inLanguage":"es","@id":"https:\/\/europeanreviewofbooks.com\/es\/who-will-speak-european-a-puzzle\/#primaryimage","url":"https:\/\/europeanreviewofbooks.com\/wp-content\/uploads\/2022\/06\/don-quixote-esperanto.jpg","contentUrl":"https:\/\/europeanreviewofbooks.com\/wp-content\/uploads\/2022\/06\/don-quixote-esperanto.jpg","width":1500,"height":1125},{"@type":"BreadcrumbList","@id":"https:\/\/europeanreviewofbooks.com\/es\/who-will-speak-european-a-puzzle\/#breadcrumb","itemListElement":[{"@type":"ListItem","position":1,"name":"Home","item":"https:\/\/europeanreviewofbooks.com\/"},{"@type":"ListItem","position":2,"name":"\u00bfQui\u00e9n hablar\u00e1 Europ\u00e9en? Un puzle"}]},{"@type":"WebSite","@id":"https:\/\/europeanreviewofbooks.com\/#website","url":"https:\/\/europeanreviewofbooks.com\/","name":"The European Review of Books","description":"","publisher":{"@id":"https:\/\/europeanreviewofbooks.com\/#organization"},"potentialAction":[{"@type":"SearchAction","target":{"@type":"EntryPoint","urlTemplate":"https:\/\/europeanreviewofbooks.com\/?s={search_term_string}"},"query-input":{"@type":"PropertyValueSpecification","valueRequired":true,"valueName":"search_term_string"}}],"inLanguage":"es"},{"@type":"Organization","@id":"https:\/\/europeanreviewofbooks.com\/#organization","name":"The European Review of Books","url":"https:\/\/europeanreviewofbooks.com\/","logo":{"@type":"ImageObject","inLanguage":"es","@id":"https:\/\/europeanreviewofbooks.com\/#\/schema\/logo\/image\/","url":"https:\/\/europeanreviewofbooks.com\/wp-content\/uploads\/2024\/04\/logo-animated-once1.gif","contentUrl":"https:\/\/europeanreviewofbooks.com\/wp-content\/uploads\/2024\/04\/logo-animated-once1.gif","width":640,"height":446,"caption":"The European Review of Books"},"image":{"@id":"https:\/\/europeanreviewofbooks.com\/#\/schema\/logo\/image\/"},"sameAs":["https:\/\/www.facebook.com\/europeanreview\/","https:\/\/www.linkedin.com\/company\/the-european-review-of-books\/","https:\/\/bsky.app\/profile\/europeanreview.bsky.social"]},{"@type":"Person","@id":"https:\/\/europeanreviewofbooks.com\/#\/schema\/person\/76592427aeb990fcc9f12cd18a1c64b7","name":"Arman Basurto","image":{"@type":"ImageObject","inLanguage":"es","@id":"https:\/\/secure.gravatar.com\/avatar\/f76492a855c2a2acc774a35e4dc1f00cb080cc311f960d065fb02d424133eb28?s=96&d=mm&r=g","url":"https:\/\/secure.gravatar.com\/avatar\/f76492a855c2a2acc774a35e4dc1f00cb080cc311f960d065fb02d424133eb28?s=96&d=mm&r=g","contentUrl":"https:\/\/secure.gravatar.com\/avatar\/f76492a855c2a2acc774a35e4dc1f00cb080cc311f960d065fb02d424133eb28?s=96&d=mm&r=g","caption":"Arman Basurto"},"url":"https:\/\/europeanreviewofbooks.com\/es\/author\/arman-basurto\/"}]}},"jetpack_featured_media_url":"https:\/\/europeanreviewofbooks.com\/wp-content\/uploads\/2022\/06\/don-quixote-esperanto.jpg","jetpack_sharing_enabled":true,"jetpack-related-posts":[{"id":35259,"url":"https:\/\/europeanreviewofbooks.com\/ca\/a-madmans-tale\/","url_meta":{"origin":10862,"position":0},"title":"Contalla d&#8217;un orat","author":"Enric Valor","date":"1 diciembre 2025","format":false,"excerpt":"\u00ab\u00a0I guess it all began,\u00a0\u00bb he said, \u00ab\u00a0because of that weak-headedness my father sometimes had. It just rubbed me the wrong way.\u00a0\u00bb","rel":"","context":"En \u00abDigital Library\u00bb","block_context":{"text":"Digital Library","link":"https:\/\/europeanreviewofbooks.com\/category\/digitalonly\/"},"img":{"alt_text":"","src":"https:\/\/i0.wp.com\/europeanreviewofbooks.com\/wp-content\/uploads\/2024\/06\/enric-valor-with-wife-merca.jpg?resize=350%2C200&ssl=1","width":350,"height":200,"srcset":"https:\/\/i0.wp.com\/europeanreviewofbooks.com\/wp-content\/uploads\/2024\/06\/enric-valor-with-wife-merca.jpg?resize=350%2C200&ssl=1 1x, https:\/\/i0.wp.com\/europeanreviewofbooks.com\/wp-content\/uploads\/2024\/06\/enric-valor-with-wife-merca.jpg?resize=525%2C300&ssl=1 1.5x"},"classes":[]},{"id":12222,"url":"https:\/\/europeanreviewofbooks.com\/ca\/madman-s-tale\/","url_meta":{"origin":10862,"position":1},"title":"Contalla d&#8217;un orat","author":"Enric Valor","date":"30 septiembre 2022","format":false,"excerpt":"\u00ab\u00a0I guess it all began,\u00a0\u00bb he said, \u00ab\u00a0because of that weak-headedness my father sometimes had. It just rubbed me the wrong way.\u00a0\u00bb","rel":"","context":"En \u00abDigital Library\u00bb","block_context":{"text":"Digital Library","link":"https:\/\/europeanreviewofbooks.com\/category\/digitalonly\/"},"img":{"alt_text":"","src":"https:\/\/i0.wp.com\/europeanreviewofbooks.com\/wp-content\/uploads\/2024\/06\/enric-valor-at-a-conference.jpg?resize=350%2C200&ssl=1","width":350,"height":200,"srcset":"https:\/\/i0.wp.com\/europeanreviewofbooks.com\/wp-content\/uploads\/2024\/06\/enric-valor-at-a-conference.jpg?resize=350%2C200&ssl=1 1x, https:\/\/i0.wp.com\/europeanreviewofbooks.com\/wp-content\/uploads\/2024\/06\/enric-valor-at-a-conference.jpg?resize=525%2C300&ssl=1 1.5x, https:\/\/i0.wp.com\/europeanreviewofbooks.com\/wp-content\/uploads\/2024\/06\/enric-valor-at-a-conference.jpg?resize=700%2C400&ssl=1 2x, https:\/\/i0.wp.com\/europeanreviewofbooks.com\/wp-content\/uploads\/2024\/06\/enric-valor-at-a-conference.jpg?resize=1050%2C600&ssl=1 3x"},"classes":[]},{"id":10868,"url":"https:\/\/europeanreviewofbooks.com\/nl\/flags-bones\/","url_meta":{"origin":10862,"position":2},"title":"Vlaggen &amp; botten","author":"Mathieu Segers","date":"19 diciembre 2022","format":false,"excerpt":"Over het Europa van Curzio Malaparte \u2013 en het onze. Een nieuwe lezing van het oeuvre van de schrijver, over de nasleep van oorlog en een transatlantische romance. Wat is dit \u00ab naoorlogse Europa \u00bb eigenlijk?","rel":"","context":"En \u00abEurope Special 2024\u00bb","block_context":{"text":"Europe Special 2024","link":"https:\/\/europeanreviewofbooks.com\/category\/europe-special-2024\/"},"img":{"alt_text":"","src":"https:\/\/i0.wp.com\/europeanreviewofbooks.com\/wp-content\/uploads\/2024\/04\/artboard-9%402x.webp?resize=350%2C200&ssl=1","width":350,"height":200,"srcset":"https:\/\/i0.wp.com\/europeanreviewofbooks.com\/wp-content\/uploads\/2024\/04\/artboard-9%402x.webp?resize=350%2C200&ssl=1 1x, https:\/\/i0.wp.com\/europeanreviewofbooks.com\/wp-content\/uploads\/2024\/04\/artboard-9%402x.webp?resize=525%2C300&ssl=1 1.5x, https:\/\/i0.wp.com\/europeanreviewofbooks.com\/wp-content\/uploads\/2024\/04\/artboard-9%402x.webp?resize=700%2C400&ssl=1 2x"},"classes":[]},{"id":11005,"url":"https:\/\/europeanreviewofbooks.com\/fr\/photographer-refugee-king\/","url_meta":{"origin":10862,"position":3},"title":"Photographe, r\u00e9fugi\u00e9, roi","author":"Patrick Doan","date":"9 abril 2024","format":false,"excerpt":"Carnet de voyage d\u2019une famille entre Phnom Penh et Paris et le retour","rel":"","context":"En \u00abIssue Five\u00bb","block_context":{"text":"Issue Five","link":"https:\/\/europeanreviewofbooks.com\/category\/issue-five\/"},"img":{"alt_text":"","src":"https:\/\/i0.wp.com\/europeanreviewofbooks.com\/wp-content\/uploads\/2024\/04\/2023-february-059-positive-positive-resize.jpg?resize=350%2C200&ssl=1","width":350,"height":200,"srcset":"https:\/\/i0.wp.com\/europeanreviewofbooks.com\/wp-content\/uploads\/2024\/04\/2023-february-059-positive-positive-resize.jpg?resize=350%2C200&ssl=1 1x, https:\/\/i0.wp.com\/europeanreviewofbooks.com\/wp-content\/uploads\/2024\/04\/2023-february-059-positive-positive-resize.jpg?resize=525%2C300&ssl=1 1.5x, https:\/\/i0.wp.com\/europeanreviewofbooks.com\/wp-content\/uploads\/2024\/04\/2023-february-059-positive-positive-resize.jpg?resize=700%2C400&ssl=1 2x, https:\/\/i0.wp.com\/europeanreviewofbooks.com\/wp-content\/uploads\/2024\/04\/2023-february-059-positive-positive-resize.jpg?resize=1050%2C600&ssl=1 3x, https:\/\/i0.wp.com\/europeanreviewofbooks.com\/wp-content\/uploads\/2024\/04\/2023-february-059-positive-positive-resize.jpg?resize=1400%2C800&ssl=1 4x"},"classes":[]},{"id":41618,"url":"https:\/\/europeanreviewofbooks.com\/epic-failure\/","url_meta":{"origin":10862,"position":4},"title":"Epic Failure","author":"Sander Pleij","date":"10 abril 2026","format":false,"excerpt":"Growing up on, and still happily consuming, American popular culture, my brain's first association when it sees the letters\u00a0e, p, i\u00a0and\u00a0c, is to read\u00a0epic failure.\u00a0And I hear the bass rumble of the film trailer while I read that\u00a0a whole civilization will die tonight, never to be brought back again. I\u2026","rel":"","context":"En \u00abCurrent Preoccupations\u00bb","block_context":{"text":"Current Preoccupations","link":"https:\/\/europeanreviewofbooks.com\/es\/category\/digitalonly\/current-preoccupations\/"},"img":{"alt_text":"","src":"https:\/\/i0.wp.com\/europeanreviewofbooks.com\/wp-content\/uploads\/2026\/04\/image-5.png?resize=350%2C200&ssl=1","width":350,"height":200,"srcset":"https:\/\/i0.wp.com\/europeanreviewofbooks.com\/wp-content\/uploads\/2026\/04\/image-5.png?resize=350%2C200&ssl=1 1x, https:\/\/i0.wp.com\/europeanreviewofbooks.com\/wp-content\/uploads\/2026\/04\/image-5.png?resize=525%2C300&ssl=1 1.5x, https:\/\/i0.wp.com\/europeanreviewofbooks.com\/wp-content\/uploads\/2026\/04\/image-5.png?resize=700%2C400&ssl=1 2x, https:\/\/i0.wp.com\/europeanreviewofbooks.com\/wp-content\/uploads\/2026\/04\/image-5.png?resize=1050%2C600&ssl=1 3x"},"classes":[]},{"id":19384,"url":"https:\/\/europeanreviewofbooks.com\/sv\/leka-djur\/","url_meta":{"origin":10862,"position":5},"title":"Leka djur","author":"Wiegertje Postma","date":"6 septiembre 2024","format":false,"excerpt":"A story about family. Det h\u00e4r \u00e4r sista kv\u00e4llen innan de b\u00f6rjar leka djur. Kattis vet det inte \u00e4nnu, men s\u00e5 \u00e4r det mycket som Kattis inte vet. Kattis \u00e4r inte mamma till \u00c4lsklings barn. Hon \u00e4r inte mamma till n\u00e5gon. \u00c4lskling s\u00e4ger att det inte g\u00f6r n\u00e5got. Att hon\u2026","rel":"","context":"En \u00abOkategoriserad\u00bb","block_context":{"text":"Okategoriserad","link":"https:\/\/europeanreviewofbooks.com\/sv\/category\/okategoriserad\/"},"img":{"alt_text":"","src":"https:\/\/i0.wp.com\/europeanreviewofbooks.com\/wp-content\/uploads\/2024\/09\/Artboard-116%402x.png?resize=350%2C200&ssl=1","width":350,"height":200,"srcset":"https:\/\/i0.wp.com\/europeanreviewofbooks.com\/wp-content\/uploads\/2024\/09\/Artboard-116%402x.png?resize=350%2C200&ssl=1 1x, https:\/\/i0.wp.com\/europeanreviewofbooks.com\/wp-content\/uploads\/2024\/09\/Artboard-116%402x.png?resize=525%2C300&ssl=1 1.5x"},"classes":[]}],"mfb_rest_fields":["title","yoast_head","yoast_head_json","jetpack_featured_media_url","jetpack_sharing_enabled","jetpack-related-posts"],"_links":{"self":[{"href":"https:\/\/europeanreviewofbooks.com\/es\/wp-json\/wp\/v2\/posts\/10862","targetHints":{"allow":["GET"]}}],"collection":[{"href":"https:\/\/europeanreviewofbooks.com\/es\/wp-json\/wp\/v2\/posts"}],"about":[{"href":"https:\/\/europeanreviewofbooks.com\/es\/wp-json\/wp\/v2\/types\/post"}],"author":[{"embeddable":true,"href":"https:\/\/europeanreviewofbooks.com\/es\/wp-json\/wp\/v2\/users\/41"}],"replies":[{"embeddable":true,"href":"https:\/\/europeanreviewofbooks.com\/es\/wp-json\/wp\/v2\/comments?post=10862"}],"version-history":[{"count":0,"href":"https:\/\/europeanreviewofbooks.com\/es\/wp-json\/wp\/v2\/posts\/10862\/revisions"}],"wp:featuredmedia":[{"embeddable":true,"href":"https:\/\/europeanreviewofbooks.com\/es\/wp-json\/wp\/v2\/media\/11955"}],"wp:attachment":[{"href":"https:\/\/europeanreviewofbooks.com\/es\/wp-json\/wp\/v2\/media?parent=10862"}],"wp:term":[{"taxonomy":"category","embeddable":true,"href":"https:\/\/europeanreviewofbooks.com\/es\/wp-json\/wp\/v2\/categories?post=10862"},{"taxonomy":"post_tag","embeddable":true,"href":"https:\/\/europeanreviewofbooks.com\/es\/wp-json\/wp\/v2\/tags?post=10862"},{"taxonomy":"topics","embeddable":true,"href":"https:\/\/europeanreviewofbooks.com\/es\/wp-json\/wp\/v2\/topics?post=10862"},{"taxonomy":"library","embeddable":true,"href":"https:\/\/europeanreviewofbooks.com\/es\/wp-json\/wp\/v2\/library?post=10862"},{"taxonomy":"displayposition","embeddable":true,"href":"https:\/\/europeanreviewofbooks.com\/es\/wp-json\/wp\/v2\/displayposition?post=10862"}],"curies":[{"name":"wp","href":"https:\/\/api.w.org\/{rel}","templated":true}]}}